{"id":380,"date":"2024-11-11T14:25:42","date_gmt":"2024-11-11T14:25:42","guid":{"rendered":"https:\/\/imagicmultimidia.com.br\/blog\/?p=380"},"modified":"2024-11-11T14:26:23","modified_gmt":"2024-11-11T14:26:23","slug":"casa-conectada-tendencias-em-automacao-residencial-para-os-proximos-anos","status":"publish","type":"post","link":"https:\/\/www.imagicmultimidia.com.br\/blog\/casa-conectada-tendencias-em-automacao-residencial-para-os-proximos-anos\/","title":{"rendered":"Casa conectada: tend\u00eancias em automa\u00e7\u00e3o residencial para os pr\u00f3ximos anos"},"content":{"rendered":"\n<p class=\"has-medium-font-size\"><strong><em>Descubra as principais tend\u00eancias em automa\u00e7\u00e3o residencial para transformar sua casa em uma casa conectada, aproveitando as novidades tecnol\u00f3gicas.<\/em><\/strong><\/p>\n\n\n\n<p>Nos \u00faltimos anos, a automa\u00e7\u00e3o residencial deixou de ser apenas um luxo e passou a se tornar uma necessidade para muitos lares.<\/p>\n\n\n\n<p>Com a crescente integra\u00e7\u00e3o de dispositivos e tecnologias, o conceito de &#8220;casa conectada&#8221; est\u00e1 evoluindo rapidamente, prometendo um futuro de conforto, seguran\u00e7a e efici\u00eancia para os moradores.<\/p>\n\n\n\n<p>Neste artigo, vamos explorar as principais tend\u00eancias em automa\u00e7\u00e3o residencial que est\u00e3o moldando o conceito de casa conectada e o que esperar para os pr\u00f3ximos anos.<\/p>\n\n\n\n<ul class=\"wp-block-list\">\n<li><a href=\"https:\/\/imagicmultimidia.com.br\/blog\/servico-de-automacao-por-que-investir\/\">Servi\u00e7o de automa\u00e7\u00e3o: por que investir?<\/a><\/li>\n<\/ul>\n\n\n\n<h2 class=\"wp-block-heading\">O conceito de casa conectada: o que \u00e9 e como funciona?<\/h2>\n\n\n\n<p>A &#8220;casa conectada&#8221; \u00e9 um conceito que descreve resid\u00eancias equipadas com dispositivos e sistemas que se comunicam entre si e podem ser controlados \u00e0 dist\u00e2ncia, geralmente por meio de smartphones, tablets ou assistentes de voz.<\/p>\n\n\n<div class=\"wp-block-image\">\n<figure class=\"alignright size-full is-resized\"><img loading=\"lazy\" decoding=\"async\" width=\"400\" height=\"260\" src=\"https:\/\/imagicmultimidia.com.br\/blog\/wp-content\/uploads\/2024\/11\/auto_cont_-3-400x267-1.jpg\" alt=\"\" class=\"wp-image-382\" style=\"width:388px;height:auto\" srcset=\"https:\/\/www.imagicmultimidia.com.br\/blog\/wp-content\/uploads\/2024\/11\/auto_cont_-3-400x267-1.jpg 400w, https:\/\/www.imagicmultimidia.com.br\/blog\/wp-content\/uploads\/2024\/11\/auto_cont_-3-400x267-1-300x195.jpg 300w, https:\/\/www.imagicmultimidia.com.br\/blog\/wp-content\/uploads\/2024\/11\/auto_cont_-3-400x267-1-150x98.jpg 150w\" sizes=\"auto, (max-width: 400px) 100vw, 400px\" \/><\/figure>\n<\/div>\n\n\n<p>A ideia \u00e9 criar um ambiente mais confort\u00e1vel, eficiente e seguro, onde o usu\u00e1rio pode monitorar e ajustar diversos aspectos de sua casa, como ilumina\u00e7\u00e3o, seguran\u00e7a, climatiza\u00e7\u00e3o e at\u00e9 mesmo os eletrodom\u00e9sticos.<\/p>\n\n\n\n<p>Esse avan\u00e7o \u00e9 resultado do progresso tecnol\u00f3gico que integra intelig\u00eancia artificial e IoT, permitindo que os dispositivos aprendam com os h\u00e1bitos dos moradores e ajustem suas fun\u00e7\u00f5es para melhorar o conforto e a conveni\u00eancia.<\/p>\n\n\n\n<ul class=\"wp-block-list\">\n<li><a href=\"https:\/\/imagicmultimidia.com.br\/blog\/processo-de-controle-de-acesso-saiba-como-funciona-o-servico-automotivo-corretamente\/\">Processo de controle de acesso: saiba como funciona o servi\u00e7o automotivo corretamente<\/a><\/li>\n<\/ul>\n\n\n\n<h2 class=\"wp-block-heading\">Quais as principais tend\u00eancias da automa\u00e7\u00e3o residencial?<\/h2>\n\n\n\n<p>As principais tend\u00eancias em automa\u00e7\u00e3o residencial para os pr\u00f3ximos anos incluem a expans\u00e3o dos assistentes virtuais, que se tornam cada vez mais sofisticados, permitindo comandos por voz e integra\u00e7\u00e3o com dispositivos de toda a casa.<\/p>\n\n\n\n<p>Outra tend\u00eancia \u00e9 o foco em seguran\u00e7a inteligente, com c\u00e2meras e sensores de alta precis\u00e3o que oferecem monitoramento em tempo real.<\/p>\n\n\n\n<p>A efici\u00eancia energ\u00e9tica tamb\u00e9m est\u00e1 em alta, com sistemas que regulam o consumo e se conectam a fontes renov\u00e1veis, como pain\u00e9is solares, ajudando na economia de energia.<\/p>\n\n\n\n<p>Al\u00e9m disso, o bem-estar ganha destaque com dispositivos que monitoram sa\u00fade e melhoram o ambiente, como ilumina\u00e7\u00e3o ajust\u00e1vel e controle da qualidade do ar.<\/p>\n\n\n\n<p>Por fim, cozinhas inteligentes e eletrodom\u00e9sticos conectados tornam as tarefas mais pr\u00e1ticas e personalizadas.<\/p>\n\n\n\n<ul class=\"wp-block-list\">\n<li><a href=\"https:\/\/imagicmultimidia.com.br\/blog\/multiroom-conheca-tudo-sobre-esse-tipo-sistema-para-sala-de-lazer\/\">Multiroom: conhe\u00e7a tudo sobre esse tipo sistema para sala de lazer<\/a><\/li>\n<\/ul>\n\n\n\n<h2 class=\"wp-block-heading\">Imagic: solu\u00e7\u00f5es em automa\u00e7\u00e3o residencial para casas conectadas<\/h2>\n\n\n\n<p>A Imagic \u00e9 uma empresa que est\u00e1 na vanguarda da automa\u00e7\u00e3o residencial, oferecendo solu\u00e7\u00f5es inovadoras e completas para quem deseja transformar sua resid\u00eancia em uma casa conectada.<\/p>\n\n\n\n<p>Com experi\u00eancia no desenvolvimento e implementa\u00e7\u00e3o de sistemas de automa\u00e7\u00e3o personalizados, a Imagic atende desde projetos mais simples at\u00e9 os mais complexos, sempre priorizando a integra\u00e7\u00e3o dos dispositivos e o conforto do cliente.<\/p>\n\n\n\n<p>Seja para ilumina\u00e7\u00e3o, seguran\u00e7a, controle de climatiza\u00e7\u00e3o ou eletrodom\u00e9sticos conectados, a Imagic garante a aplica\u00e7\u00e3o de tecnologia de ponta e assist\u00eancia em cada etapa do processo.<\/p>\n\n\n\n<h3 class=\"wp-block-heading\">Transforme sua resid\u00eancia com a Imagic: conhe\u00e7a as solu\u00e7\u00f5es para casa conectada<\/h3>\n\n\n\n<p>Quer transformar sua casa em um ambiente inteligente, pr\u00e1tico e confort\u00e1vel? <a href=\"https:\/\/www.imagicmultimidia.com.br\/contato\">Entre em contato<\/a> com a Imagic e conhe\u00e7a as solu\u00e7\u00f5es que podem ser personalizadas para atender \u00e0s suas necessidades!<\/p>\n\n\n\n<p>Nossa equipe de especialistas est\u00e1 pronta para orientar e desenvolver o melhor projeto de automa\u00e7\u00e3o residencial para sua casa conectada.<\/p>\n\n\n\n<p>Gostou do conte\u00fado? Ent\u00e3o, leia mais artigos como esse em nosso <a href=\"https:\/\/www.imagicmultimidia.com.br\/blog\">blog<\/a>!<\/p>\n","protected":false},"excerpt":{"rendered":"<p>Descubra as principais tend\u00eancias em automa\u00e7\u00e3o residencial para transformar sua casa em uma casa conectada, aproveitando as novidades tecnol\u00f3gicas. Nos \u00faltimos anos, a automa\u00e7\u00e3o residencial deixou de ser apenas um luxo e passou a se tornar uma necessidade para muitos lares. Com a crescente integra\u00e7\u00e3o de dispositivos e tecnologias, o [&hellip;]<\/p>\n","protected":false},"author":1,"featured_media":381,"comment_status":"open","ping_status":"open","sticky":false,"template":"","format":"standard","meta":{"footnotes":""},"categories":[849],"tags":[865,853,870,866,876,863,17,860,871,862,869,856,850,859,857,858,861,851,698,874,854,868,855,873,5,875,852,864,872,867],"class_list":["post-380","post","type-post","status-publish","format-standard","has-post-thumbnail","hentry","category-casa-conectada","tag-assistente-de-voz-para-casa","tag-assistente-virtual-para-casa","tag-automacao-de-eletrodomesticos","tag-automacao-de-seguranca-residencial","tag-automacao-e-conforto","tag-automacao-morumbi","tag-automacao-residencial","tag-automacao-residencial-brooklin","tag-automacao-residencial-imagic","tag-automacao-residencial-itaim-bibi","tag-automacao-residencial-para-idosos","tag-automacao-zona-sul-sp","tag-casa-conectada","tag-casa-conectada-ibirapuera","tag-casa-conectada-moema","tag-casa-conectada-vila-mariana","tag-casa-inteligente-santo-amaro","tag-controle-de-consumo-inteligente","tag-controle-remoto-residencial","tag-cozinha-inteligente-sp","tag-dispositivos-conectados","tag-economia-de-energia-residencial","tag-eficiencia-energetica-em-casa","tag-futuro-da-casa-conectada","tag-iluminacao-automatizada","tag-monitoramento-residencial-inteligente","tag-seguranca-residencial-inteligente","tag-seguranca-residencial-iot","tag-solucoes-de-automacao-sp","tag-tecnologia-para-casa-inteligente"],"yoast_head":"<!-- This site is optimized with the Yoast SEO plugin v23.3 - https:\/\/yoast.com\/wordpress\/plugins\/seo\/ -->\n<title>Casa conectada: tend\u00eancias em automa\u00e7\u00e3o residencial para os pr\u00f3ximos anos - Imagic<\/title>\n<meta name=\"description\" content=\"Descubra as principais tend\u00eancias em automa\u00e7\u00e3o residencial para transformar sua casa em uma casa conectada, aproveitando as novidades tecnol\u00f3gicas.\" \/>\n<meta name=\"robots\" content=\"index, follow, max-snippet:-1, max-image-preview:large, max-video-preview:-1\" \/>\n<link rel=\"canonical\" href=\"https:\/\/www.imagicmultimidia.com.br\/blog\/casa-conectada-tendencias-em-automacao-residencial-para-os-proximos-anos\/\" \/>\n<meta property=\"og:locale\" content=\"pt_BR\" \/>\n<meta property=\"og:type\" content=\"article\" \/>\n<meta property=\"og:title\" content=\"Casa conectada: tend\u00eancias em automa\u00e7\u00e3o residencial para os pr\u00f3ximos anos - Imagic\" \/>\n<meta property=\"og:description\" content=\"Descubra as principais tend\u00eancias em automa\u00e7\u00e3o residencial para transformar sua casa em uma casa conectada, aproveitando as novidades tecnol\u00f3gicas.\" \/>\n<meta property=\"og:url\" content=\"https:\/\/www.imagicmultimidia.com.br\/blog\/casa-conectada-tendencias-em-automacao-residencial-para-os-proximos-anos\/\" \/>\n<meta property=\"og:site_name\" content=\"Imagic\" \/>\n<meta property=\"article:published_time\" content=\"2024-11-11T14:25:42+00:00\" \/>\n<meta property=\"article:modified_time\" content=\"2024-11-11T14:26:23+00:00\" \/>\n<meta property=\"og:image\" content=\"https:\/\/www.imagicmultimidia.com.br\/blog\/wp-content\/uploads\/2024\/11\/auto_cont_-4-1-400x267-1.jpg\" \/>\n\t<meta property=\"og:image:width\" content=\"400\" \/>\n\t<meta property=\"og:image:height\" content=\"260\" \/>\n\t<meta property=\"og:image:type\" content=\"image\/jpeg\" \/>\n<meta name=\"author\" content=\"Imagic\" \/>\n<meta name=\"twitter:card\" content=\"summary_large_image\" \/>\n<meta name=\"twitter:label1\" content=\"Escrito por\" \/>\n\t<meta name=\"twitter:data1\" content=\"Imagic\" \/>\n\t<meta name=\"twitter:label2\" content=\"Est. tempo de leitura\" \/>\n\t<meta name=\"twitter:data2\" content=\"4 minutos\" \/>\n<script type=\"application\/ld+json\" class=\"yoast-schema-graph\">{\"@context\":\"https:\/\/schema.org\",\"@graph\":[{\"@type\":\"Article\",\"@id\":\"https:\/\/www.imagicmultimidia.com.br\/blog\/casa-conectada-tendencias-em-automacao-residencial-para-os-proximos-anos\/#article\",\"isPartOf\":{\"@id\":\"https:\/\/www.imagicmultimidia.com.br\/blog\/casa-conectada-tendencias-em-automacao-residencial-para-os-proximos-anos\/\"},\"author\":{\"name\":\"Imagic\",\"@id\":\"https:\/\/www.imagicmultimidia.com.br\/blog\/#\/schema\/person\/5ba260e1e745f271ed6464a9395e26a0\"},\"headline\":\"Casa conectada: tend\u00eancias em automa\u00e7\u00e3o residencial para os pr\u00f3ximos anos\",\"datePublished\":\"2024-11-11T14:25:42+00:00\",\"dateModified\":\"2024-11-11T14:26:23+00:00\",\"mainEntityOfPage\":{\"@id\":\"https:\/\/www.imagicmultimidia.com.br\/blog\/casa-conectada-tendencias-em-automacao-residencial-para-os-proximos-anos\/\"},\"wordCount\":613,\"commentCount\":0,\"publisher\":{\"@id\":\"https:\/\/www.imagicmultimidia.com.br\/blog\/#organization\"},\"image\":{\"@id\":\"https:\/\/www.imagicmultimidia.com.br\/blog\/casa-conectada-tendencias-em-automacao-residencial-para-os-proximos-anos\/#primaryimage\"},\"thumbnailUrl\":\"https:\/\/www.imagicmultimidia.com.br\/blog\/wp-content\/uploads\/2024\/11\/auto_cont_-4-1-400x267-1.jpg\",\"keywords\":[\"Assistente de voz para casa\",\"Assistente virtual para casa\",\"Automa\u00e7\u00e3o de eletrodom\u00e9sticos\",\"Automa\u00e7\u00e3o de seguran\u00e7a residencial\",\"Automa\u00e7\u00e3o e conforto\",\"Automa\u00e7\u00e3o Morumbi\",\"automa\u00e7\u00e3o residencial\",\"Automa\u00e7\u00e3o residencial Brooklin\",\"Automa\u00e7\u00e3o residencial Imagic\",\"Automa\u00e7\u00e3o residencial Itaim Bibi\",\"Automa\u00e7\u00e3o residencial para idosos\",\"Automa\u00e7\u00e3o zona sul SP\",\"Casa conectada\",\"Casa conectada Ibirapuera\",\"Casa conectada Moema\",\"Casa conectada Vila Mariana\",\"Casa inteligente Santo Amaro\",\"Controle de consumo inteligente\",\"Controle remoto residencial\",\"Cozinha inteligente SP\",\"Dispositivos conectados\",\"Economia de energia residencial\",\"Efici\u00eancia energ\u00e9tica em casa\",\"Futuro da casa conectada\",\"ilumina\u00e7\u00e3o automatizada\",\"Monitoramento residencial inteligente\",\"Seguran\u00e7a residencial inteligente\",\"Seguran\u00e7a residencial IoT\",\"Solu\u00e7\u00f5es de automa\u00e7\u00e3o SP\",\"Tecnologia para casa inteligente\"],\"articleSection\":[\"Casa conectada\"],\"inLanguage\":\"pt-BR\",\"potentialAction\":[{\"@type\":\"CommentAction\",\"name\":\"Comment\",\"target\":[\"https:\/\/www.imagicmultimidia.com.br\/blog\/casa-conectada-tendencias-em-automacao-residencial-para-os-proximos-anos\/#respond\"]}]},{\"@type\":\"WebPage\",\"@id\":\"https:\/\/www.imagicmultimidia.com.br\/blog\/casa-conectada-tendencias-em-automacao-residencial-para-os-proximos-anos\/\",\"url\":\"https:\/\/www.imagicmultimidia.com.br\/blog\/casa-conectada-tendencias-em-automacao-residencial-para-os-proximos-anos\/\",\"name\":\"Casa conectada: tend\u00eancias em automa\u00e7\u00e3o residencial para os pr\u00f3ximos anos - Imagic\",\"isPartOf\":{\"@id\":\"https:\/\/www.imagicmultimidia.com.br\/blog\/#website\"},\"primaryImageOfPage\":{\"@id\":\"https:\/\/www.imagicmultimidia.com.br\/blog\/casa-conectada-tendencias-em-automacao-residencial-para-os-proximos-anos\/#primaryimage\"},\"image\":{\"@id\":\"https:\/\/www.imagicmultimidia.com.br\/blog\/casa-conectada-tendencias-em-automacao-residencial-para-os-proximos-anos\/#primaryimage\"},\"thumbnailUrl\":\"https:\/\/www.imagicmultimidia.com.br\/blog\/wp-content\/uploads\/2024\/11\/auto_cont_-4-1-400x267-1.jpg\",\"datePublished\":\"2024-11-11T14:25:42+00:00\",\"dateModified\":\"2024-11-11T14:26:23+00:00\",\"description\":\"Descubra as principais tend\u00eancias em automa\u00e7\u00e3o residencial para transformar sua casa em uma casa conectada, aproveitando as novidades tecnol\u00f3gicas.\",\"breadcrumb\":{\"@id\":\"https:\/\/www.imagicmultimidia.com.br\/blog\/casa-conectada-tendencias-em-automacao-residencial-para-os-proximos-anos\/#breadcrumb\"},\"inLanguage\":\"pt-BR\",\"potentialAction\":[{\"@type\":\"ReadAction\",\"target\":[\"https:\/\/www.imagicmultimidia.com.br\/blog\/casa-conectada-tendencias-em-automacao-residencial-para-os-proximos-anos\/\"]}]},{\"@type\":\"ImageObject\",\"inLanguage\":\"pt-BR\",\"@id\":\"https:\/\/www.imagicmultimidia.com.br\/blog\/casa-conectada-tendencias-em-automacao-residencial-para-os-proximos-anos\/#primaryimage\",\"url\":\"https:\/\/www.imagicmultimidia.com.br\/blog\/wp-content\/uploads\/2024\/11\/auto_cont_-4-1-400x267-1.jpg\",\"contentUrl\":\"https:\/\/www.imagicmultimidia.com.br\/blog\/wp-content\/uploads\/2024\/11\/auto_cont_-4-1-400x267-1.jpg\",\"width\":400,\"height\":260,\"caption\":\"Casa conectada: tend\u00eancias em automa\u00e7\u00e3o residencial para os pr\u00f3ximos anos\"},{\"@type\":\"BreadcrumbList\",\"@id\":\"https:\/\/www.imagicmultimidia.com.br\/blog\/casa-conectada-tendencias-em-automacao-residencial-para-os-proximos-anos\/#breadcrumb\",\"itemListElement\":[{\"@type\":\"ListItem\",\"position\":1,\"name\":\"In\u00edcio\",\"item\":\"https:\/\/www.imagicmultimidia.com.br\/blog\/\"},{\"@type\":\"ListItem\",\"position\":2,\"name\":\"Casa conectada: tend\u00eancias em automa\u00e7\u00e3o residencial para os pr\u00f3ximos anos\"}]},{\"@type\":\"WebSite\",\"@id\":\"https:\/\/www.imagicmultimidia.com.br\/blog\/#website\",\"url\":\"https:\/\/www.imagicmultimidia.com.br\/blog\/\",\"name\":\"Imagic\",\"description\":\"Blog\",\"publisher\":{\"@id\":\"https:\/\/www.imagicmultimidia.com.br\/blog\/#organization\"},\"potentialAction\":[{\"@type\":\"SearchAction\",\"target\":{\"@type\":\"EntryPoint\",\"urlTemplate\":\"https:\/\/www.imagicmultimidia.com.br\/blog\/?s={search_term_string}\"},\"query-input\":\"required name=search_term_string\"}],\"inLanguage\":\"pt-BR\"},{\"@type\":\"Organization\",\"@id\":\"https:\/\/www.imagicmultimidia.com.br\/blog\/#organization\",\"name\":\"Imagic\",\"url\":\"https:\/\/www.imagicmultimidia.com.br\/blog\/\",\"logo\":{\"@type\":\"ImageObject\",\"inLanguage\":\"pt-BR\",\"@id\":\"https:\/\/www.imagicmultimidia.com.br\/blog\/#\/schema\/logo\/image\/\",\"url\":\"https:\/\/www.imagicmultimidia.com.br\/blog\/wp-content\/uploads\/2021\/08\/logo.png\",\"contentUrl\":\"https:\/\/www.imagicmultimidia.com.br\/blog\/wp-content\/uploads\/2021\/08\/logo.png\",\"width\":148,\"height\":100,\"caption\":\"Imagic\"},\"image\":{\"@id\":\"https:\/\/www.imagicmultimidia.com.br\/blog\/#\/schema\/logo\/image\/\"}},{\"@type\":\"Person\",\"@id\":\"https:\/\/www.imagicmultimidia.com.br\/blog\/#\/schema\/person\/5ba260e1e745f271ed6464a9395e26a0\",\"name\":\"Imagic\",\"image\":{\"@type\":\"ImageObject\",\"inLanguage\":\"pt-BR\",\"@id\":\"https:\/\/www.imagicmultimidia.com.br\/blog\/#\/schema\/person\/image\/\",\"url\":\"https:\/\/secure.gravatar.com\/avatar\/e93b0e09c568d39fb51bb3bc837bb35875be86f2ef231a93496eb0b414707787?s=96&d=mm&r=g\",\"contentUrl\":\"https:\/\/secure.gravatar.com\/avatar\/e93b0e09c568d39fb51bb3bc837bb35875be86f2ef231a93496eb0b414707787?s=96&d=mm&r=g\",\"caption\":\"Imagic\"},\"sameAs\":[\"https:\/\/imagicmultimidia.com.br\/blog\"],\"url\":\"https:\/\/www.imagicmultimidia.com.br\/blog\/author\/admin\/\"}]}<\/script>\n<!-- \/ Yoast SEO plugin. -->","yoast_head_json":{"title":"Casa conectada: tend\u00eancias em automa\u00e7\u00e3o residencial para os pr\u00f3ximos anos - Imagic","description":"Descubra as principais tend\u00eancias em automa\u00e7\u00e3o residencial para transformar sua casa em uma casa conectada, aproveitando as novidades tecnol\u00f3gicas.","robots":{"index":"index","follow":"follow","max-snippet":"max-snippet:-1","max-image-preview":"max-image-preview:large","max-video-preview":"max-video-preview:-1"},"canonical":"https:\/\/www.imagicmultimidia.com.br\/blog\/casa-conectada-tendencias-em-automacao-residencial-para-os-proximos-anos\/","og_locale":"pt_BR","og_type":"article","og_title":"Casa conectada: tend\u00eancias em automa\u00e7\u00e3o residencial para os pr\u00f3ximos anos - Imagic","og_description":"Descubra as principais tend\u00eancias em automa\u00e7\u00e3o residencial para transformar sua casa em uma casa conectada, aproveitando as novidades tecnol\u00f3gicas.","og_url":"https:\/\/www.imagicmultimidia.com.br\/blog\/casa-conectada-tendencias-em-automacao-residencial-para-os-proximos-anos\/","og_site_name":"Imagic","article_published_time":"2024-11-11T14:25:42+00:00","article_modified_time":"2024-11-11T14:26:23+00:00","og_image":[{"width":400,"height":260,"url":"https:\/\/www.imagicmultimidia.com.br\/blog\/wp-content\/uploads\/2024\/11\/auto_cont_-4-1-400x267-1.jpg","type":"image\/jpeg"}],"author":"Imagic","twitter_card":"summary_large_image","twitter_misc":{"Escrito por":"Imagic","Est. tempo de leitura":"4 minutos"},"schema":{"@context":"https:\/\/schema.org","@graph":[{"@type":"Article","@id":"https:\/\/www.imagicmultimidia.com.br\/blog\/casa-conectada-tendencias-em-automacao-residencial-para-os-proximos-anos\/#article","isPartOf":{"@id":"https:\/\/www.imagicmultimidia.com.br\/blog\/casa-conectada-tendencias-em-automacao-residencial-para-os-proximos-anos\/"},"author":{"name":"Imagic","@id":"https:\/\/www.imagicmultimidia.com.br\/blog\/#\/schema\/person\/5ba260e1e745f271ed6464a9395e26a0"},"headline":"Casa conectada: tend\u00eancias em automa\u00e7\u00e3o residencial para os pr\u00f3ximos anos","datePublished":"2024-11-11T14:25:42+00:00","dateModified":"2024-11-11T14:26:23+00:00","mainEntityOfPage":{"@id":"https:\/\/www.imagicmultimidia.com.br\/blog\/casa-conectada-tendencias-em-automacao-residencial-para-os-proximos-anos\/"},"wordCount":613,"commentCount":0,"publisher":{"@id":"https:\/\/www.imagicmultimidia.com.br\/blog\/#organization"},"image":{"@id":"https:\/\/www.imagicmultimidia.com.br\/blog\/casa-conectada-tendencias-em-automacao-residencial-para-os-proximos-anos\/#primaryimage"},"thumbnailUrl":"https:\/\/www.imagicmultimidia.com.br\/blog\/wp-content\/uploads\/2024\/11\/auto_cont_-4-1-400x267-1.jpg","keywords":["Assistente de voz para casa","Assistente virtual para casa","Automa\u00e7\u00e3o de eletrodom\u00e9sticos","Automa\u00e7\u00e3o de seguran\u00e7a residencial","Automa\u00e7\u00e3o e conforto","Automa\u00e7\u00e3o Morumbi","automa\u00e7\u00e3o residencial","Automa\u00e7\u00e3o residencial Brooklin","Automa\u00e7\u00e3o residencial Imagic","Automa\u00e7\u00e3o residencial Itaim Bibi","Automa\u00e7\u00e3o residencial para idosos","Automa\u00e7\u00e3o zona sul SP","Casa conectada","Casa conectada Ibirapuera","Casa conectada Moema","Casa conectada Vila Mariana","Casa inteligente Santo Amaro","Controle de consumo inteligente","Controle remoto residencial","Cozinha inteligente SP","Dispositivos conectados","Economia de energia residencial","Efici\u00eancia energ\u00e9tica em casa","Futuro da casa conectada","ilumina\u00e7\u00e3o automatizada","Monitoramento residencial inteligente","Seguran\u00e7a residencial inteligente","Seguran\u00e7a residencial IoT","Solu\u00e7\u00f5es de automa\u00e7\u00e3o SP","Tecnologia para casa inteligente"],"articleSection":["Casa conectada"],"inLanguage":"pt-BR","potentialAction":[{"@type":"CommentAction","name":"Comment","target":["https:\/\/www.imagicmultimidia.com.br\/blog\/casa-conectada-tendencias-em-automacao-residencial-para-os-proximos-anos\/#respond"]}]},{"@type":"WebPage","@id":"https:\/\/www.imagicmultimidia.com.br\/blog\/casa-conectada-tendencias-em-automacao-residencial-para-os-proximos-anos\/","url":"https:\/\/www.imagicmultimidia.com.br\/blog\/casa-conectada-tendencias-em-automacao-residencial-para-os-proximos-anos\/","name":"Casa conectada: tend\u00eancias em automa\u00e7\u00e3o residencial para os pr\u00f3ximos anos - Imagic","isPartOf":{"@id":"https:\/\/www.imagicmultimidia.com.br\/blog\/#website"},"primaryImageOfPage":{"@id":"https:\/\/www.imagicmultimidia.com.br\/blog\/casa-conectada-tendencias-em-automacao-residencial-para-os-proximos-anos\/#primaryimage"},"image":{"@id":"https:\/\/www.imagicmultimidia.com.br\/blog\/casa-conectada-tendencias-em-automacao-residencial-para-os-proximos-anos\/#primaryimage"},"thumbnailUrl":"https:\/\/www.imagicmultimidia.com.br\/blog\/wp-content\/uploads\/2024\/11\/auto_cont_-4-1-400x267-1.jpg","datePublished":"2024-11-11T14:25:42+00:00","dateModified":"2024-11-11T14:26:23+00:00","description":"Descubra as principais tend\u00eancias em automa\u00e7\u00e3o residencial para transformar sua casa em uma casa conectada, aproveitando as novidades tecnol\u00f3gicas.","breadcrumb":{"@id":"https:\/\/www.imagicmultimidia.com.br\/blog\/casa-conectada-tendencias-em-automacao-residencial-para-os-proximos-anos\/#breadcrumb"},"inLanguage":"pt-BR","potentialAction":[{"@type":"ReadAction","target":["https:\/\/www.imagicmultimidia.com.br\/blog\/casa-conectada-tendencias-em-automacao-residencial-para-os-proximos-anos\/"]}]},{"@type":"ImageObject","inLanguage":"pt-BR","@id":"https:\/\/www.imagicmultimidia.com.br\/blog\/casa-conectada-tendencias-em-automacao-residencial-para-os-proximos-anos\/#primaryimage","url":"https:\/\/www.imagicmultimidia.com.br\/blog\/wp-content\/uploads\/2024\/11\/auto_cont_-4-1-400x267-1.jpg","contentUrl":"https:\/\/www.imagicmultimidia.com.br\/blog\/wp-content\/uploads\/2024\/11\/auto_cont_-4-1-400x267-1.jpg","width":400,"height":260,"caption":"Casa conectada: tend\u00eancias em automa\u00e7\u00e3o residencial para os pr\u00f3ximos anos"},{"@type":"BreadcrumbList","@id":"https:\/\/www.imagicmultimidia.com.br\/blog\/casa-conectada-tendencias-em-automacao-residencial-para-os-proximos-anos\/#breadcrumb","itemListElement":[{"@type":"ListItem","position":1,"name":"In\u00edcio","item":"https:\/\/www.imagicmultimidia.com.br\/blog\/"},{"@type":"ListItem","position":2,"name":"Casa conectada: tend\u00eancias em automa\u00e7\u00e3o residencial para os pr\u00f3ximos anos"}]},{"@type":"WebSite","@id":"https:\/\/www.imagicmultimidia.com.br\/blog\/#website","url":"https:\/\/www.imagicmultimidia.com.br\/blog\/","name":"Imagic","description":"Blog","publisher":{"@id":"https:\/\/www.imagicmultimidia.com.br\/blog\/#organization"},"potentialAction":[{"@type":"SearchAction","target":{"@type":"EntryPoint","urlTemplate":"https:\/\/www.imagicmultimidia.com.br\/blog\/?s={search_term_string}"},"query-input":"required name=search_term_string"}],"inLanguage":"pt-BR"},{"@type":"Organization","@id":"https:\/\/www.imagicmultimidia.com.br\/blog\/#organization","name":"Imagic","url":"https:\/\/www.imagicmultimidia.com.br\/blog\/","logo":{"@type":"ImageObject","inLanguage":"pt-BR","@id":"https:\/\/www.imagicmultimidia.com.br\/blog\/#\/schema\/logo\/image\/","url":"https:\/\/www.imagicmultimidia.com.br\/blog\/wp-content\/uploads\/2021\/08\/logo.png","contentUrl":"https:\/\/www.imagicmultimidia.com.br\/blog\/wp-content\/uploads\/2021\/08\/logo.png","width":148,"height":100,"caption":"Imagic"},"image":{"@id":"https:\/\/www.imagicmultimidia.com.br\/blog\/#\/schema\/logo\/image\/"}},{"@type":"Person","@id":"https:\/\/www.imagicmultimidia.com.br\/blog\/#\/schema\/person\/5ba260e1e745f271ed6464a9395e26a0","name":"Imagic","image":{"@type":"ImageObject","inLanguage":"pt-BR","@id":"https:\/\/www.imagicmultimidia.com.br\/blog\/#\/schema\/person\/image\/","url":"https:\/\/secure.gravatar.com\/avatar\/e93b0e09c568d39fb51bb3bc837bb35875be86f2ef231a93496eb0b414707787?s=96&d=mm&r=g","contentUrl":"https:\/\/secure.gravatar.com\/avatar\/e93b0e09c568d39fb51bb3bc837bb35875be86f2ef231a93496eb0b414707787?s=96&d=mm&r=g","caption":"Imagic"},"sameAs":["https:\/\/imagicmultimidia.com.br\/blog"],"url":"https:\/\/www.imagicmultimidia.com.br\/blog\/author\/admin\/"}]}},"_links":{"self":[{"href":"https:\/\/www.imagicmultimidia.com.br\/blog\/wp-json\/wp\/v2\/posts\/380","targetHints":{"allow":["GET"]}}],"collection":[{"href":"https:\/\/www.imagicmultimidia.com.br\/blog\/wp-json\/wp\/v2\/posts"}],"about":[{"href":"https:\/\/www.imagicmultimidia.com.br\/blog\/wp-json\/wp\/v2\/types\/post"}],"author":[{"embeddable":true,"href":"https:\/\/www.imagicmultimidia.com.br\/blog\/wp-json\/wp\/v2\/users\/1"}],"replies":[{"embeddable":true,"href":"https:\/\/www.imagicmultimidia.com.br\/blog\/wp-json\/wp\/v2\/comments?post=380"}],"version-history":[{"count":1,"href":"https:\/\/www.imagicmultimidia.com.br\/blog\/wp-json\/wp\/v2\/posts\/380\/revisions"}],"predecessor-version":[{"id":383,"href":"https:\/\/www.imagicmultimidia.com.br\/blog\/wp-json\/wp\/v2\/posts\/380\/revisions\/383"}],"wp:featuredmedia":[{"embeddable":true,"href":"https:\/\/www.imagicmultimidia.com.br\/blog\/wp-json\/wp\/v2\/media\/381"}],"wp:attachment":[{"href":"https:\/\/www.imagicmultimidia.com.br\/blog\/wp-json\/wp\/v2\/media?parent=380"}],"wp:term":[{"taxonomy":"category","embeddable":true,"href":"https:\/\/www.imagicmultimidia.com.br\/blog\/wp-json\/wp\/v2\/categories?post=380"},{"taxonomy":"post_tag","embeddable":true,"href":"https:\/\/www.imagicmultimidia.com.br\/blog\/wp-json\/wp\/v2\/tags?post=380"}],"curies":[{"name":"wp","href":"https:\/\/api.w.org\/{rel}","templated":true}]}}